{"id":32358,"date":"2025-12-12T20:52:19","date_gmt":"2025-12-12T23:52:19","guid":{"rendered":"https:\/\/dannybia.com\/dannys\/?p=32358"},"modified":"2025-12-12T21:09:16","modified_gmt":"2025-12-13T00:09:16","slug":"esta-acontecendo-agora-na-amazonia-e-afeta-voce","status":"publish","type":"post","link":"https:\/\/dannybia.com\/dannys\/esta-acontecendo-agora-na-amazonia-e-afeta-voce\/","title":{"rendered":"Est\u00e1 Acontecendo Agora na Amaz\u00f4nia e Afeta Voc\u00ea"},"content":{"rendered":"<h2><strong>Amaz\u00f4nia:<br \/>\nUm Chamado Espiritual, Humano e Urgente<\/strong><\/h2>\n<p>A Amaz\u00f4nia nos convoca.<br \/>\nN\u00e3o apenas como um tema que aparece nas not\u00edcias, nem como um debate entre especialistas, mas como uma pergunta que toca diretamente cada um de n\u00f3s:<\/p>\n<p><strong>Existe algo que eu ou voc\u00ea podemos fazer?<\/strong><\/p>\n<p>Quando olhamos para o que est\u00e1 acontecendo na maior floresta tropical do mundo, percebemos que o problema ultrapassa a esfera ambiental e alcan\u00e7a dimens\u00f5es humanas, sociais e espirituais. \u00c9 um chamado ao cuidado, \u00e0 consci\u00eancia e \u00e0 responsabilidade \u2014 um eco que vibra no cora\u00e7\u00e3o de quem entende que a cria\u00e7\u00e3o \u00e9 um presente divino que precisa ser guardado.<\/p>\n<h2><strong>A Amaz\u00f4nia n\u00e3o \u00e9 apenas natureza \u2014 \u00e9 vida, \u00e9 miss\u00e3o, \u00e9 espiritualidade<\/strong><\/h2>\n<p>Quando pensamos nos impactos que a Amaz\u00f4nia enfrenta \u2014 secas mais fortes, inc\u00eandios que se espalham com facilidade assustadora, mudan\u00e7as estranhas no ritmo das chuvas, doen\u00e7as que surgem com mais intensidade e at\u00e9 o enfraquecimento das atividades tradicionais de povos que sempre viveram em harmonia com a floresta \u2014 percebemos que n\u00e3o \u00e9 apenas um problema ambiental.<\/p>\n<p><strong>\u00c9 humano. \u00c9 social. \u00c9 espiritual.<\/strong><\/p>\n<p>Temos nossa responsabilidade de cuidar n\u00e3o apenas das pessoas, mas tamb\u00e9m do mundo que Deus nos confiou. Isso ecoa o que est\u00e1 escrito em <strong>G\u00eanesis 2:15<\/strong>, quando Deus colocou o ser humano no jardim <em>\u201cpara o cultivar e o guardar\u201d<\/em>.<\/p>\n<h2><strong>A natureza como livro de Deus<\/strong><\/h2>\n<p>A natureza \u00e9 um livro onde o Criador escreve Seus ensinos, e quando a maltratamos, \u00e9 como se rasg\u00e1ssemos p\u00e1ginas inteiras dessa revela\u00e7\u00e3o.<\/p>\n<p>Cada \u00e1rvore que cai, cada rio que perde sua pureza, cada vida que desaparece na floresta representa uma perda que ultrapassa o f\u00edsico \u2014 afeta o emocional, o espiritual, a alma de quem vive e depende da Amaz\u00f4nia.<\/p>\n<p>Essa verdade se conecta com <strong>Salmos 24:1<\/strong>, que declara: <em>\u201cDo Senhor \u00e9 a terra e a sua plenitude.\u201d<\/em><\/p>\n<p>Se tudo pertence a Deus, cuidar da cria\u00e7\u00e3o \u00e9 um ato de fidelidade.<\/p>\n<h2><strong>A cria\u00e7\u00e3o est\u00e1 gemendo \u2014 e n\u00f3s tamb\u00e9m<\/strong><\/h2>\n<p>As mudan\u00e7as do clima j\u00e1 bateram \u00e0 porta. Temperaturas que antes eram raras se tornam comuns. Chuva que antes era previs\u00edvel agora chega atrasada ou exagerada. O fogo encontra mais espa\u00e7o. Povos ind\u00edgenas e ribeirinhos sentem no corpo aquilo que muitos s\u00f3 leem em relat\u00f3rios.<\/p>\n<p>Isso nos lembra o alerta de <strong>Romanos 8:22<\/strong>: <em>\u201cToda a cria\u00e7\u00e3o geme e suporta ang\u00fastias at\u00e9 agora.\u201d<\/em><\/p>\n<p>A natureza clama por socorro. E, no fundo, n\u00f3s tamb\u00e9m clamamos.<\/p>\n<h2><strong>A neglig\u00eancia traz feridas \u2014 e elas j\u00e1 est\u00e3o abertas<\/strong><\/h2>\n<p>Devemos proteger aqueles que Deus colocou sob nosso cuidado, e isso inclui o ambiente que sustenta a vida deles. Quando negligenciamos essa miss\u00e3o, colhemos resultados dolorosos:<\/p>\n<ul>\n<li>doen\u00e7as se multiplicam<\/li>\n<li>alimentos encarecem<\/li>\n<li>rios secam<\/li>\n<li>popula\u00e7\u00f5es adoecem no corpo e na alma<\/li>\n<\/ul>\n<p>Como refor\u00e7a <strong>Prov\u00e9rbios 12:10<\/strong>: <em>\u201cO justo cuida bem dos seus animais.\u201d<\/em><\/p>\n<p>O cuidado divino inclui toda forma de vida \u2014 n\u00e3o apenas a humana.<\/p>\n<h2><strong>A prote\u00e7\u00e3o das terras ind\u00edgenas \u00e9 tamb\u00e9m um ato espiritual<\/strong><\/h2>\n<p>A prote\u00e7\u00e3o das terras ind\u00edgenas e das \u00e1reas de conserva\u00e7\u00e3o \u00e9 uma das formas mais eficazes de impedir que a destrui\u00e7\u00e3o avance. E isso n\u00e3o \u00e9 apenas pol\u00edtica \u2014 <strong>\u00e9 espiritual<\/strong>.<\/p>\n<p>Porque quando defendemos quem cuida da floresta, participamos de um plano maior:<br \/>\n<strong>o plano de Deus para preserva\u00e7\u00e3o da vida.<\/strong><\/p>\n<p><img loading=\"lazy\" decoding=\"async\" class=\"wp-image-34070 alignright\" src=\"https:\/\/dannybia.com\/blog\/wp-content\/uploads\/2025\/12\/amazonia-pede-socorro-dannybia.png\" alt=\"\" width=\"350\" height=\"197\" \/><br \/>\nIsso se harmoniza com <strong>Isa\u00edas 58:12<\/strong>, que fala sobre restaurar brechas e reconstruir caminhos para que outros possam andar neles.<\/p>\n<h2><strong>O que eu posso fazer daqui? Mais do que voc\u00ea imagina<\/strong><\/h2>\n<p>Respire fundo comigo e pense: <strong>O que eu posso fazer, mesmo daqui?<\/strong><\/p>\n<p>Pequenas a\u00e7\u00f5es movidas por prop\u00f3sito sincero t\u00eam impacto enorme no Reino de Deus:<\/p>\n<ul>\n<li>orar pela Amaz\u00f4nia<\/li>\n<li>apoiar quem luta por sua prote\u00e7\u00e3o<\/li>\n<li>compartilhar informa\u00e7\u00e3o correta<\/li>\n<li>rejeitar discursos de destrui\u00e7\u00e3o<\/li>\n<li>permitir que o Esp\u00edrito Santo transforme a nossa percep\u00e7\u00e3o da cria\u00e7\u00e3o<\/li>\n<\/ul>\n<p>Como diz <strong>Tiago 4:17<\/strong>: <em>\u201cAquele que sabe fazer o bem e n\u00e3o o faz, comete pecado.\u201d<\/em><\/p>\n<p>N\u00e3o \u00e9 apenas sobre capacidade \u2014 <strong>\u00e9 sobre responsabilidade.<\/strong><\/p>\n<h2><strong>Os sinais est\u00e3o claros \u2014 e n\u00e3o podem ser ignorados<\/strong><\/h2>\n<p>Por anos fomos alertados sobre os perigos de ignorar os sinais que Deus coloca diante de n\u00f3s.<br \/>\nE hoje esses sinais est\u00e3o escancarados:<\/p>\n<ul>\n<li>floresta queimando<\/li>\n<li>clima mudando<\/li>\n<li>povos sofrendo<\/li>\n<\/ul>\n<p>Esses s\u00e3o convites \u00e0 reflex\u00e3o, ao arrependimento, \u00e0 a\u00e7\u00e3o guiada por Deus.<\/p>\n<p>Jesus disse em <strong>Mateus 24:32<\/strong>: <em>\u201cAprendei, pois, a par\u00e1bola da figueira\u2026\u201d<\/em><\/p>\n<p>Os sinais dos tempos est\u00e3o diante de n\u00f3s \u2014 basta olhar com aten\u00e7\u00e3o.<\/p>\n<h2><strong>Muito em crise, Deus oferece um caminho<\/strong><\/h2>\n<p>Mesmo diante das maiores crises, Deus sempre oferece um caminho.<br \/>\n<strong>Sempre.<\/strong><\/p>\n<p>Como est\u00e1 escrito em <strong>Salmos 46:1<\/strong>: <em>\u201cDeus \u00e9 o nosso ref\u00fagio e fortaleza, socorro bem presente na ang\u00fastia.\u201d<\/em><\/p>\n<p>Ele n\u00e3o abandona Seu povo.<br \/>\nEle n\u00e3o abandona Sua cria\u00e7\u00e3o.<\/p>\n<p>Quando protegemos aquilo que Deus ama, Ele derrama entendimento, paz e dire\u00e7\u00e3o.<\/p>\n<p>N\u00e3o espere ser grande para agir.<br \/>\nComece pequeno. Comece hoje. Comece com o cora\u00e7\u00e3o certo.<\/p>\n<p>E lembre-se do que diz <strong>G\u00e1latas 6:9<\/strong>: <em>\u201cN\u00e3o nos cansemos de fazer o bem.\u201d<\/em><\/p>\n<h2><strong>Uma pr\u00e1tica espiritual simples \u2014 e transformadora<\/strong><\/h2>\n<p>Aqui vai um conselho poderoso para sua vida espiritual:<br \/>\nReserve alguns minutos do dia para simplesmente <strong>observar a natureza<\/strong> \u2014 uma \u00e1rvore, um jardim, o c\u00e9u, o vento.<\/p>\n<p>Pe\u00e7a a Deus:<\/p>\n<p><strong>\u201cSenhor, o que a cria\u00e7\u00e3o est\u00e1 tentando me ensinar hoje?\u201d<\/strong><\/p>\n<p>Essa pr\u00e1tica abre portas para revela\u00e7\u00f5es profundas e restaura a conex\u00e3o espiritual que muitos perderam sem perceber.<\/p>\n<h2><strong>E agora\u2026 deixe Deus falar com voc\u00ea<\/strong><\/h2>\n<p>De tudo isso que voc\u00ea leu, eu te fa\u00e7o uma pergunta final:<\/p>\n<p><strong>O que Deus est\u00e1 falando diretamente ao seu cora\u00e7\u00e3o sobre como voc\u00ea pode cuidar mais da vida ao seu redor?<\/strong><\/p>\n<p>Escreva. Reflita. Ore.<br \/>\nE permita que o Esp\u00edrito Santo te conduza ao pr\u00f3ximo passo.<\/p>\n<div class='grid-row clearfix'><div class='grid-col grid-col-12'><section class='cws-widget'><section class='cws_widget_content'>\n\t<div class=\"testimonial \">\n\t\t<div class='clearfix'>\n\t\t\t<img src='https:\/\/dannybia.com\/blog\/wp-content\/uploads\/2021\/02\/Jesus-130-93.jpg' alt \/>\t\t\t\t<p>\n<p align=\"justify\">Ao Senhor pertence a terra e tudo o que nela se cont\u00e9m, o mundo e os que nele habitam.<\/p>\n<\/p>\t\t<\/div>\n\t\t<div class=\"author\">Salmos 24:1<\/div>\t<\/div>\n\t <\/section><\/section><\/div><\/div>\n","protected":false},"excerpt":{"rendered":"<p>Amaz\u00f4nia: Um Chamado Espiritual, Humano e Urgente A Amaz\u00f4nia nos convoca. N\u00e3o apenas como um tema que aparece nas not\u00edcias, nem como um debate entre especialistas, mas como uma pergunta que toca diretamente cada um de n\u00f3s: Existe algo que eu ou voc\u00ea podemos fazer? Quando olhamos para o que est\u00e1 acontecendo na maior floresta tropical do mundo, percebemos que o problema ultrapassa a esfera ambiental e alcan\u00e7a dimens\u00f5es humanas, sociais e espirituais. \u00c9 um chamado ao cuidado, \u00e0 consci\u00eancia e \u00e0 responsabilidade \u2014 um eco que vibra no cora\u00e7\u00e3o de quem entende que a cria\u00e7\u00e3o \u00e9 um presente divino que precisa ser guardado. A Amaz\u00f4nia n\u00e3o \u00e9 apenas natureza \u2014 \u00e9 vida, \u00e9 miss\u00e3o, \u00e9 espiritualidade Quando pensamos nos impactos que a Amaz\u00f4nia enfrenta \u2014 secas mais fortes, inc\u00eandios que se espalham com facilidade assustadora, mudan\u00e7as estranhas no ritmo das chuvas, doen\u00e7as que surgem com mais intensidade e at\u00e9 o enfraquecimento das atividades tradicionais de povos que sempre viveram em harmonia com a floresta \u2014 percebemos que n\u00e3o \u00e9 apenas um problema ambiental. \u00c9 humano. \u00c9 social. \u00c9 espiritual. Temos nossa responsabilidade de cuidar n\u00e3o apenas das pessoas, mas tamb\u00e9m do mundo que Deus nos confiou. Isso ecoa o que est\u00e1 escrito em G\u00eanesis 2:15, quando Deus colocou o ser humano no jardim \u201cpara o cultivar e o guardar\u201d. A natureza como livro de Deus A natureza \u00e9 um livro onde o Criador escreve Seus ensinos, e quando a maltratamos, \u00e9 como se rasg\u00e1ssemos p\u00e1ginas inteiras dessa revela\u00e7\u00e3o. Cada \u00e1rvore que cai, cada rio que perde sua pureza, cada vida que desaparece na floresta representa uma perda que ultrapassa o f\u00edsico \u2014 afeta o emocional, o espiritual, a alma de quem vive e depende da Amaz\u00f4nia. Essa verdade se conecta com Salmos 24:1, que declara: \u201cDo Senhor \u00e9 a terra e a sua plenitude.\u201d Se tudo pertence a Deus, cuidar da cria\u00e7\u00e3o \u00e9 um ato de fidelidade. A cria\u00e7\u00e3o est\u00e1 gemendo \u2014 e n\u00f3s tamb\u00e9m As mudan\u00e7as do clima j\u00e1 bateram \u00e0 porta. Temperaturas que antes eram raras se tornam comuns. Chuva que antes era previs\u00edvel agora chega atrasada ou exagerada. O fogo encontra mais espa\u00e7o. Povos ind\u00edgenas e ribeirinhos sentem no corpo aquilo que muitos s\u00f3 leem em relat\u00f3rios. Isso nos lembra o alerta de Romanos 8:22: \u201cToda a cria\u00e7\u00e3o geme e suporta ang\u00fastias at\u00e9 agora.\u201d A natureza clama por socorro. E, no fundo, n\u00f3s tamb\u00e9m clamamos. A neglig\u00eancia traz feridas \u2014 e elas j\u00e1 est\u00e3o abertas Devemos proteger aqueles que Deus colocou sob nosso cuidado, e isso inclui o ambiente que sustenta a vida deles. Quando negligenciamos essa miss\u00e3o, colhemos resultados dolorosos: doen\u00e7as se multiplicam alimentos encarecem rios secam popula\u00e7\u00f5es adoecem no corpo e na alma Como refor\u00e7a Prov\u00e9rbios 12:10: \u201cO justo cuida bem dos seus animais.\u201d O cuidado divino inclui toda forma de vida \u2014 n\u00e3o apenas a humana. A prote\u00e7\u00e3o das terras ind\u00edgenas \u00e9 tamb\u00e9m um ato espiritual A prote\u00e7\u00e3o das terras ind\u00edgenas e das \u00e1reas de conserva\u00e7\u00e3o \u00e9 uma das formas mais eficazes de impedir que a destrui\u00e7\u00e3o avance. E isso n\u00e3o \u00e9 apenas pol\u00edtica \u2014 \u00e9 espiritual. Porque quando defendemos quem cuida da floresta, participamos de um plano maior: o plano de Deus para preserva\u00e7\u00e3o da vida. Isso se harmoniza com Isa\u00edas 58:12, que fala sobre restaurar brechas e reconstruir caminhos para que outros possam andar neles. O que eu posso fazer daqui? Mais do que voc\u00ea imagina Respire fundo comigo e pense: O que eu posso fazer, mesmo daqui? Pequenas a\u00e7\u00f5es movidas por prop\u00f3sito sincero t\u00eam impacto enorme no Reino de Deus: orar pela Amaz\u00f4nia apoiar quem luta por sua prote\u00e7\u00e3o compartilhar informa\u00e7\u00e3o correta rejeitar discursos de destrui\u00e7\u00e3o permitir que o Esp\u00edrito Santo transforme a nossa percep\u00e7\u00e3o da cria\u00e7\u00e3o Como diz Tiago 4:17: \u201cAquele que sabe fazer o bem e n\u00e3o o faz, comete pecado.\u201d N\u00e3o \u00e9 apenas sobre capacidade \u2014 \u00e9 sobre responsabilidade. Os sinais est\u00e3o claros \u2014 e n\u00e3o podem ser ignorados Por anos fomos alertados sobre os perigos de ignorar os sinais que Deus coloca diante de n\u00f3s. E hoje esses sinais est\u00e3o escancarados: floresta queimando clima mudando povos sofrendo Esses s\u00e3o convites \u00e0 reflex\u00e3o, ao arrependimento, \u00e0 a\u00e7\u00e3o guiada por Deus. Jesus disse em Mateus 24:32: \u201cAprendei, pois, a par\u00e1bola da figueira\u2026\u201d Os sinais dos tempos est\u00e3o diante de n\u00f3s \u2014 basta olhar com aten\u00e7\u00e3o. Muito em crise, Deus oferece um caminho Mesmo diante das maiores crises, Deus sempre oferece um caminho. Sempre. Como est\u00e1 escrito em Salmos 46:1: \u201cDeus \u00e9 o nosso ref\u00fagio e fortaleza, socorro bem presente na ang\u00fastia.\u201d Ele n\u00e3o abandona Seu povo. Ele n\u00e3o abandona Sua cria\u00e7\u00e3o. Quando protegemos aquilo que Deus ama, Ele derrama entendimento, paz e dire\u00e7\u00e3o. N\u00e3o espere ser grande para agir. Comece pequeno. Comece hoje. Comece com o cora\u00e7\u00e3o certo. E lembre-se do que diz G\u00e1latas 6:9: \u201cN\u00e3o nos cansemos de fazer o bem.\u201d Uma pr\u00e1tica espiritual simples \u2014 e transformadora Aqui vai um conselho poderoso para sua vida espiritual: Reserve alguns minutos do dia para simplesmente observar a natureza \u2014 uma \u00e1rvore, um jardim, o c\u00e9u, o vento. Pe\u00e7a a Deus: \u201cSenhor, o que a cria\u00e7\u00e3o est\u00e1 tentando me ensinar hoje?\u201d Essa pr\u00e1tica abre portas para revela\u00e7\u00f5es profundas e restaura a conex\u00e3o espiritual que muitos perderam sem perceber. E agora\u2026 deixe Deus falar com voc\u00ea De tudo isso que voc\u00ea leu, eu te fa\u00e7o uma pergunta final: O que Deus est\u00e1 falando diretamente ao seu cora\u00e7\u00e3o sobre como voc\u00ea pode cuidar mais da vida ao seu redor? Escreva. Reflita. Ore. E permita que o Esp\u00edrito Santo te conduza ao pr\u00f3ximo passo.<\/p>\n","protected":false},"author":1,"featured_media":0,"comment_status":"closed","ping_status":"open","sticky":false,"template":"","format":"video","meta":{"footnotes":""},"categories":[3,5302,1427,569],"tags":[5496,5497,5498,5499,5500,5501,5502,5503,5504,5505,5506,5507,5508,5509,5510,5511,5512,5513,5514,5515,5516,5517],"class_list":["post-32358","post","type-post","status-publish","format-video","hentry","category-news","category-politica","category-saude","category-utilidade-publica","tag-amazonia","tag-ambientalismo-com-fe","tag-biblia-e-meio-ambiente","tag-comunidades-ribeirinhas","tag-conservacao-ambiental","tag-conteudo-religioso","tag-crise-climatica","tag-cristaos-e-meio-ambiente","tag-cuidado-com-a-criacao","tag-cuidado-com-a-vida","tag-defesa-da-amazonia","tag-desmatamento-na-amazonia","tag-ecoteologia","tag-incendios-florestais","tag-justica-ambiental","tag-meio-ambiente-e-fe","tag-mudancas-climaticas","tag-povos-indigenas","tag-preservacao-ambiental","tag-protecao-da-natureza","tag-secas-na-amazonia","tag-sustentabilidade","post_format-post-format-video"],"_links":{"self":[{"href":"https:\/\/dannybia.com\/dannys\/wp-json\/wp\/v2\/posts\/32358","targetHints":{"allow":["GET"]}}],"collection":[{"href":"https:\/\/dannybia.com\/dannys\/wp-json\/wp\/v2\/posts"}],"about":[{"href":"https:\/\/dannybia.com\/dannys\/wp-json\/wp\/v2\/types\/post"}],"author":[{"embeddable":true,"href":"https:\/\/dannybia.com\/dannys\/wp-json\/wp\/v2\/users\/1"}],"replies":[{"embeddable":true,"href":"https:\/\/dannybia.com\/dannys\/wp-json\/wp\/v2\/comments?post=32358"}],"version-history":[{"count":0,"href":"https:\/\/dannybia.com\/dannys\/wp-json\/wp\/v2\/posts\/32358\/revisions"}],"wp:attachment":[{"href":"https:\/\/dannybia.com\/dannys\/wp-json\/wp\/v2\/media?parent=32358"}],"wp:term":[{"taxonomy":"category","embeddable":true,"href":"https:\/\/dannybia.com\/dannys\/wp-json\/wp\/v2\/categories?post=32358"},{"taxonomy":"post_tag","embeddable":true,"href":"https:\/\/dannybia.com\/dannys\/wp-json\/wp\/v2\/tags?post=32358"}],"curies":[{"name":"wp","href":"https:\/\/api.w.org\/{rel}","templated":true}]}}