{"id":20804,"date":"2021-04-21T14:49:35","date_gmt":"2021-04-21T17:49:35","guid":{"rendered":"https:\/\/dannybia.com\/dannys\/?p=20804"},"modified":"2023-02-18T11:34:38","modified_gmt":"2023-02-18T14:34:38","slug":"ano-bissesto-ou-bi-sesto","status":"publish","type":"post","link":"https:\/\/dannybia.com\/dannys\/ano-bissesto-ou-bi-sesto\/","title":{"rendered":"Ano Bissesto ou Bi-sesto?"},"content":{"rendered":"<h1>Ano Bissesto ou Bi-sesto?<\/h1>\n<h2>Por que no ano em que em que o m\u00eas de Fevereiro tem 29 dias \u00e9 considerado um ano \u00e9 bissexto?<\/h2>\n<p align=\"justify\">Porque neste ano se acrescenta um dia a mais. O dia extra \u00e9 introduzido justamente no m\u00eas de Fevereiro, o que ocorre a cada (04) quatro anos.<\/p>\n<h2>Qual a necessidade de um ano bissexto?<\/h2>\n<p align=\"justify\">Acrescenta-se um dia a mais para se corrigir a discrep\u00e2ncia entre o ano-calend\u00e1rio convencional e o tempo de transla\u00e7\u00e3o da Terra em volta do Sol tomando-se o ano tr\u00f3pico que utiliza o equin\u00f3cio vernal (ou seja, o equin\u00f3cio de primavera no hemisf\u00e9rio norte) como refer\u00eancia. A Terra demora aproximadamente 365,2422 dias solares (1 ano tr\u00f3pico) para dar uma volta completa ao redor do Sol, enquanto o ano-calend\u00e1rio comum (por conven\u00e7\u00e3o) tem 365 dias solares. Sobram, portanto, aproximadamente 5h48m46 (0,2422 dia) a cada ano tr\u00f3pico. As horas excedentes s\u00e3o somadas e adicionadas ao calend\u00e1rio na forma inteira de um dia (4 x 6h = 1 dia).<\/p>\n<p>No caso do Calend\u00e1rio Gregoriano este dia extra \u00e9 inclu\u00eddo no final do m\u00eas de fevereiro, que passa a ter 29 dias (ano com 366 dias) em lugar dos 28 dias de anos normais (ano de 365 dias).<\/p>\n<h2>Por que bissexto?<\/h2>\n<p align=\"justify\">Chama-se\u00a0<strong>ano bissexto<\/strong> o ano ao qual \u00e9 acrescentado um dia extra, ficando ele com 366 dias, um dia a mais do que os anos normais de 365 dias, ocorrendo a cada (04) quatro anos. Isto \u00e9 feito com o objetivo de manter o calend\u00e1rio anual ajustado com a transla\u00e7\u00e3o da Terra e com os eventos sazonais relacionados \u00e0s esta\u00e7\u00f5es do ano. O pr\u00f3ximo ano bissexto ser\u00e1 2012.<br \/>\nA origem do nome\u00a0<strong>bissexto<\/strong>\u00a0adv\u00e9m da implanta\u00e7\u00e3o do Calend\u00e1rio Juliano em 45 a.C. que se modificou evoluindo para o Calend\u00e1rio Gregoriano que hoje \u00e9 usado em muitos pa\u00edses a todos os quais ocorrem os\u00a0<strong>anos bissextos<\/strong>. Na verdade tem rela\u00e7\u00e3o com o antigo calend\u00e1rio Romano, e \u00e9 muito mais complexo de explicar, pois os romanos chamavam o primeiro dia do m\u00eas de Calendae, e o dia inserido era o sexto dia de novo (bis sextum) antes das Calendae de acordo com a contagem romana. Seria ent\u00e3o 5\u00b0 dia antes das Calendae de mar\u00e7o (ante diem bis sextum kalendas martias), ou seja 25 de fevereiro, portanto segundo o calend\u00e1rio romano o dia extra do m\u00eas de fevereiro \u00e9 o 25\u00b0 e n\u00e3o o 29\u00b0.<\/p>\n<p>Dentro de um contexto hist\u00f3rico, a inclus\u00e3o deste dia extra, dito dia intercalar, ocorreu e \u00e9 feita em calend\u00e1rios ditos solares em diferentes meses e posi\u00e7\u00f5es. No Calend\u00e1rio Gregoriano \u00e9 acrescentado ao final do m\u00eas de Fevereiro, sendo seu 29\u00ba dia.<\/p>\n<p>Hoje a express\u00e3o\u00a0<strong>bissexto<\/strong>\u00a0vez <strong>ou<\/strong> outra \u00e9 associada ao <strong>duplo seis<\/strong> (66) da express\u00e3o 366; ou seja, acrescentando um dia a mais o ano fica com 366 dias, ou seja dois seis, ou melhor dizendo bis seis, bissexto; O que <strong>expressa uma coer\u00eancia mnem\u00f4nica popular<\/strong>, por\u00e9m, aos estudiosos \u00e9 um grande e hist\u00f3rico equ\u00edvoco.<\/p>\n<h2>Determina\u00e7\u00e3o dos anos bissextos<\/h2>\n<p align=\"justify\">As regras para determina\u00e7\u00e3o do\u00a0<strong>ano bissexto<\/strong>\u00a0s\u00e3o distintas em tr\u00eas per\u00edodos:<\/p>\n<h2>Calend\u00e1rio Juliano<\/h2>\n<p align=\"justify\">O Calend\u00e1rio Juliano vigorou inicialmente de 45 a. C. at\u00e9 7 d. C.. Em 46 a. C. o ditador J\u00falio C\u00e9sar, no final de seu governo, modifica radicalmente o calend\u00e1rio de Numa Pomp\u00edlio e a partir de 45 a. C. e durante todo este per\u00edodo inicial de uso deste calend\u00e1rio, o dia extra era acrescentado ap\u00f3s o dia 25 de\u00a0<em>Februarius<\/em>\u00a0e deveria ocorrer de tr\u00eas em tr\u00eas anos.<\/p>\n<p>Foi neste per\u00edodo e em consequ\u00eancia da forma com que os romanos contavam os dias do m\u00eas que estes anos com um dia a mais ficaram conhecidos como <strong>anos bissextos<\/strong>. O erro da inser\u00e7\u00e3o de anos bissextos de a cada tr\u00eas anos em vez de quatro s\u00f3 foi detectado cerca de trinta anos mais tarde. Julga-se que este erro tenha sido corrigido pela n\u00e3o exist\u00eancia de anos bissextos entre 12 a. C. e 3 d. C., ou seja, os anos bissextos do calend\u00e1rio juliano foram abandonados nesse per\u00edodo.<\/p>\n<h2>Calend\u00e1rio do Imperador C\u00e9sar Augusto<\/h2>\n<p align=\"justify\">O Calend\u00e1rio Augustiano vigorou de 8 d. C. at\u00e9 1581. Em 8 d.C. o imperador C\u00e9sar Augusto fez uma corre\u00e7\u00e3o no calend\u00e1rio e a partir deste ano e durante todo este per\u00edodo at\u00e9 1581 o dia extra era acrescentado ap\u00f3s o dia 24 de\u00a0<em>Februarius<\/em>\u00a0e deveria ocorrer de quatro em quatro anos. Com o passar dos anos, aquela forma de contagem dos dias do m\u00eas foi mudando e em lugar de ser interpretado como um duplo dia 24 ele j\u00e1 passou a ser interpretado como um dia a mais que era inclu\u00eddo no final do m\u00eas de Fevereiro.<\/p>\n<p>O senado romano homenageou o imperador trocando o nome do m\u00eas\u00a0<em>Sextilius<\/em>\u00a0para\u00a0<em>Augustus<\/em>\u00a0que passou de 30 para 31 dias, sendo retirado de\u00a0<em>Februarius<\/em>\u00a0que passou de 29 para 28 dias o que afetou o ponto de inclus\u00e3o do dia extra.<\/p>\n<p>O Calend\u00e1rio Augustiano ou Juliano\/Augustinado \u00e9 considerado muitas vezes como uma revis\u00e3o pequena do Calend\u00e1rio Juliano, prevalecendo o entendimento de que o Calend\u00e1rio Juliano vigorou de 45 a. C. a 1581.<\/p>\n<h2>Calend\u00e1rio do Papa Greg\u00f3rio XIII<\/h2>\n<p align=\"justify\">Em 1582, para corrigir o atraso acumulado, o Papa Greg\u00f3rio XIII modificou e ajustou o calend\u00e1rio, que ficou conhecido como Calend\u00e1rio Gregoriano. Definiu-se que o ajuste deveria ser feito de forma que o equin\u00f3cio de mar\u00e7o ca\u00edsse no dia 21 daquele m\u00eas, o que estava em conformidade com o primeiro Conc\u00edlio de Niceia (325 d.C). Para isso o Papa Greg\u00f3rio encomendou estudos que permitissem corrigir os erros dos calend\u00e1rios passados buscando definir os ajustes de acordo com a P\u00e1scoa crist\u00e3, atrelada ao equin\u00f3cio de mar\u00e7o. Buscou tamb\u00e9m uma regra muito mais precisa para os anos bissextos.<\/p>\n<p>Entre 325 e 1582 passaram-se 1257 anos. Como no sistema juliano a cada 128 anos haveria a necessidade retirar 1 dia do calend\u00e1rio, acumularam-se, depois de 1257 anos, aproximadamente 10 dias (9,82 dias). Portanto, em 1582, na transi\u00e7\u00e3o entre os Calend\u00e1rios Juliano e Gregoriano, o dia 4 de outubro foi seguido pelo dia 15 de outubro. Os 10 dias entre eles foram retirados do calend\u00e1rio e n\u00e3o existem na sequ\u00eancia cronol\u00f3gica de contagem do tempo.<\/p>\n<p>Feitas as corre\u00e7\u00f5es de calend\u00e1rio definiu-se a nova regra para o c\u00e1lculo dos anos bissextos:<\/p>\n<ol>\n<li>De 4 em 4 anos \u00e9 ano bissexto.<\/li>\n<li>De 100 em 100 anos n\u00e3o \u00e9 ano bissexto.<\/li>\n<li>De 400 em 400 anos \u00e9 ano bissexto.<\/li>\n<li>Prevalecem as \u00faltimas regras sobre as primeiras.<\/li>\n<\/ol>\n<h2>Para melhor entender<\/h2>\n<p align=\"justify\">\u00a0<strong>S\u00e3o bissextos<\/strong>\u00a0todos os anos m\u00faltiplos de 400, p.ex:\u00a0<strong>1600, 2000, 2400, 2800<\/strong><br \/>\nN\u00e3o s\u00e3o bissextos todos os m\u00faltiplos de 100 e n\u00e3o de 400, p.ex:\u00a0<strong>1700, 1800, 1900, 2100, 2200, 2300, 2500\u2026<\/strong><br \/>\nS\u00e3o bissextos todos os m\u00faltiplos de 4 e n\u00e3o m\u00faltiplos de 100, p.ex:\u00a0<strong>1996, 2004, 2008, 2012, 2016\u2026<\/strong><br \/>\nN\u00e3o s\u00e3o bissextos todos os demais anos.<\/p>\n<p>Essa regra aproxima o ano tr\u00f3pico pelo valor de 365,2425 dias.<\/p>\n<p>Em fun\u00e7\u00e3o da nossa longevidade m\u00e9dia, \u00e9 comum e compreens\u00edvel que nos lembremos apenas da primeira regra, a de quatro em quatro anos, embora a corre\u00e7\u00e3o dos anos bissextos seja mais complexa.<\/p>\n<p>Como curiosidade, o ano de 2000 foi o segundo ano em que a terceira regra foi aplicada. Contudo, como foi ano bissexto, o ano de 1900 foi a \u00faltima vez que a regra da divis\u00e3o por 100 foi aplicada at\u00e9 os dias atuais; a pr\u00f3xima ocorrer\u00e1 apenas em 2100.<\/p>\n<h2>Uma Curiosidade<\/h2>\n<p align=\"justify\">Ai vem outra curiosidade,\u00a0<strong>as pessoas que nascem no ano bissexto fazem anivers\u00e1rio de quatro em quatro anos<\/strong>?<br \/>\nH\u00e1 uma tend\u00eancia de se achar que as pessoas que nascem no dia 29 de fevereiro &#8220;s\u00f3 fazem anivers\u00e1rio a cada 4 anos&#8221;. Isso n\u00e3o \u00e9 verdade, pois assim como as demais pessoas o &#8220;primeiro anivers\u00e1rio&#8221; \u00e9 calculado adicionando-se 365 dias \u00e0 data de nascimento. Ou seja, um beb\u00ea que nasceu no dia 29 de fevereiro comemorou seu primeiro anivers\u00e1rio 365 dias depois que nasceu, ou seja, no dia 28 de fevereiro do ano seguinte.<br \/>\n\u00c9 comum, no entanto, que os nascidos no dia 29 de fevereiro comemorem de modo especial o seu dia de nascimento a cada 4 anos, algumas pessoas at\u00e9 se acham especiais por causa disso.<br \/>\n\u00c9 claro que h\u00e1 sempre as brincadeiras com a idade, contando de 4 em 4 anos, feita pelos amigos, parentes e pelo pr\u00f3prio aniversariante.<br \/>\n\u00c9 pena que muitos pais de crian\u00e7as que nascem no dia 29 de fevereiro fiquem com receio sobre a data de anivers\u00e1rio dos seus filhos e consigam fazer o registro civil como se os filhos tivessem nascidos no dia 28 de fevereiro (ou 1 de mar\u00e7o).<\/p>\n<h2>Quando ser\u00e1 o pr\u00f3ximo Ano Bissexto?<\/h2>\n<table width=\"80%\">\n<tbody>\n<tr>\n<td>2020<\/td>\n<td>2024<\/td>\n<td>2028<\/td>\n<td>2032<\/td>\n<td>2036<\/td>\n<\/tr>\n<tr>\n<td>2040<\/td>\n<td>2044<\/td>\n<td>2048<\/td>\n<td>2052<\/td>\n<td>2056<\/td>\n<\/tr>\n<tr>\n<td>2060<\/td>\n<td>2064<\/td>\n<td>2068<\/td>\n<td>2072<\/td>\n<td>2076<\/td>\n<\/tr>\n<tr>\n<td>2080<\/td>\n<td>2084<\/td>\n<td>2088<\/td>\n<td>2092<\/td>\n<td>2096<\/td>\n<\/tr>\n<\/tbody>\n<\/table>\n<div class='grid-row clearfix'><div class='grid-col grid-col-12'><section class='cws-widget'><section class='cws_widget_content'> \t<div class=\"testimonial \">\n\t\t<div class='clearfix'>\n\t\t\t<img src='https:\/\/dannybia.com\/dannys\/wp-content\/uploads\/bfi_thumb\/Jesus-130-93-3cmh6ny6pugic3cykq7hts.jpg' alt \/>\t\t\t\t<p>\n<p align=\"justify\">Os seus caminhos s\u00e3o caminhos de del\u00edcias, e todas as suas veredas s\u00e3o paz.<\/p>\n<\/p>\t\t<\/div>\n\t\t<div class=\"author\">Prov\u00e9rbios 3:17<\/div>\t<\/div>\n\t <\/section><\/section><\/div><\/div>\n","protected":false},"excerpt":{"rendered":"<p>Ano Bissesto ou Bi-sesto? Por que no ano em que em que o m\u00eas de Fevereiro tem 29 dias \u00e9 considerado um ano \u00e9 bissexto? Porque neste ano se acrescenta um dia a mais. O dia extra \u00e9 introduzido justamente no m\u00eas de Fevereiro, o que ocorre a cada (04) quatro anos. Qual a necessidade de um ano bissexto? Acrescenta-se um dia a mais para se corrigir a discrep\u00e2ncia entre o ano-calend\u00e1rio convencional e o tempo de transla\u00e7\u00e3o da Terra em volta do Sol tomando-se o ano tr\u00f3pico que utiliza o equin\u00f3cio vernal (ou seja, o equin\u00f3cio de primavera no hemisf\u00e9rio norte) como refer\u00eancia. A Terra demora aproximadamente 365,2422 dias solares (1 ano tr\u00f3pico) para dar uma volta completa ao redor do Sol, enquanto o ano-calend\u00e1rio comum (por conven\u00e7\u00e3o) tem 365 dias solares. Sobram, portanto, aproximadamente 5h48m46 (0,2422 dia) a cada ano tr\u00f3pico. As horas excedentes s\u00e3o somadas e adicionadas ao calend\u00e1rio na forma inteira de um dia (4 x 6h = 1 dia). No caso do Calend\u00e1rio Gregoriano este dia extra \u00e9 inclu\u00eddo no final do m\u00eas de fevereiro, que passa a ter 29 dias (ano com 366 dias) em lugar dos 28 dias de anos normais (ano de 365 dias). Por que bissexto? Chama-se\u00a0ano bissexto o ano ao qual \u00e9 acrescentado um dia extra, ficando ele com 366 dias, um dia a mais do que os anos normais de 365 dias, ocorrendo a cada (04) quatro anos. Isto \u00e9 feito com o objetivo de manter o calend\u00e1rio anual ajustado com a transla\u00e7\u00e3o da Terra e com os eventos sazonais relacionados \u00e0s esta\u00e7\u00f5es do ano. O pr\u00f3ximo ano bissexto ser\u00e1 2012. A origem do nome\u00a0bissexto\u00a0adv\u00e9m da implanta\u00e7\u00e3o do Calend\u00e1rio Juliano em 45 a.C. que se modificou evoluindo para o Calend\u00e1rio Gregoriano que hoje \u00e9 usado em muitos pa\u00edses a todos os quais ocorrem os\u00a0anos bissextos. Na verdade tem rela\u00e7\u00e3o com o antigo calend\u00e1rio Romano, e \u00e9 muito mais complexo de explicar, pois os romanos chamavam o primeiro dia do m\u00eas de Calendae, e o dia inserido era o sexto dia de novo (bis sextum) antes das Calendae de acordo com a contagem romana. Seria ent\u00e3o 5\u00b0 dia antes das Calendae de mar\u00e7o (ante diem bis sextum kalendas martias), ou seja 25 de fevereiro, portanto segundo o calend\u00e1rio romano o dia extra do m\u00eas de fevereiro \u00e9 o 25\u00b0 e n\u00e3o o 29\u00b0. Dentro de um contexto hist\u00f3rico, a inclus\u00e3o deste dia extra, dito dia intercalar, ocorreu e \u00e9 feita em calend\u00e1rios ditos solares em diferentes meses e posi\u00e7\u00f5es. No Calend\u00e1rio Gregoriano \u00e9 acrescentado ao final do m\u00eas de Fevereiro, sendo seu 29\u00ba dia. Hoje a express\u00e3o\u00a0bissexto\u00a0vez ou outra \u00e9 associada ao duplo seis (66) da express\u00e3o 366; ou seja, acrescentando um dia a mais o ano fica com 366 dias, ou seja dois seis, ou melhor dizendo bis seis, bissexto; O que expressa uma coer\u00eancia mnem\u00f4nica popular, por\u00e9m, aos estudiosos \u00e9 um grande e hist\u00f3rico equ\u00edvoco. Determina\u00e7\u00e3o dos anos bissextos As regras para determina\u00e7\u00e3o do\u00a0ano bissexto\u00a0s\u00e3o distintas em tr\u00eas per\u00edodos: Calend\u00e1rio Juliano O Calend\u00e1rio Juliano vigorou inicialmente de 45 a. C. at\u00e9 7 d. C.. Em 46 a. C. o ditador J\u00falio C\u00e9sar, no final de seu governo, modifica radicalmente o calend\u00e1rio de Numa Pomp\u00edlio e a partir de 45 a. C. e durante todo este per\u00edodo inicial de uso deste calend\u00e1rio, o dia extra era acrescentado ap\u00f3s o dia 25 de\u00a0Februarius\u00a0e deveria ocorrer de tr\u00eas em tr\u00eas anos. Foi neste per\u00edodo e em consequ\u00eancia da forma com que os romanos contavam os dias do m\u00eas que estes anos com um dia a mais ficaram conhecidos como anos bissextos. O erro da inser\u00e7\u00e3o de anos bissextos de a cada tr\u00eas anos em vez de quatro s\u00f3 foi detectado cerca de trinta anos mais tarde. Julga-se que este erro tenha sido corrigido pela n\u00e3o exist\u00eancia de anos bissextos entre 12 a. C. e 3 d. C., ou seja, os anos bissextos do calend\u00e1rio juliano foram abandonados nesse per\u00edodo. Calend\u00e1rio do Imperador C\u00e9sar Augusto O Calend\u00e1rio Augustiano vigorou de 8 d. C. at\u00e9 1581. Em 8 d.C. o imperador C\u00e9sar Augusto fez uma corre\u00e7\u00e3o no calend\u00e1rio e a partir deste ano e durante todo este per\u00edodo at\u00e9 1581 o dia extra era acrescentado ap\u00f3s o dia 24 de\u00a0Februarius\u00a0e deveria ocorrer de quatro em quatro anos. Com o passar dos anos, aquela forma de contagem dos dias do m\u00eas foi mudando e em lugar de ser interpretado como um duplo dia 24 ele j\u00e1 passou a ser interpretado como um dia a mais que era inclu\u00eddo no final do m\u00eas de Fevereiro. O senado romano homenageou o imperador trocando o nome do m\u00eas\u00a0Sextilius\u00a0para\u00a0Augustus\u00a0que passou de 30 para 31 dias, sendo retirado de\u00a0Februarius\u00a0que passou de 29 para 28 dias o que afetou o ponto de inclus\u00e3o do dia extra. O Calend\u00e1rio Augustiano ou Juliano\/Augustinado \u00e9 considerado muitas vezes como uma revis\u00e3o pequena do Calend\u00e1rio Juliano, prevalecendo o entendimento de que o Calend\u00e1rio Juliano vigorou de 45 a. C. a 1581. Calend\u00e1rio do Papa Greg\u00f3rio XIII Em 1582, para corrigir o atraso acumulado, o Papa Greg\u00f3rio XIII modificou e ajustou o calend\u00e1rio, que ficou conhecido como Calend\u00e1rio Gregoriano. Definiu-se que o ajuste deveria ser feito de forma que o equin\u00f3cio de mar\u00e7o ca\u00edsse no dia 21 daquele m\u00eas, o que estava em conformidade com o primeiro Conc\u00edlio de Niceia (325 d.C). Para isso o Papa Greg\u00f3rio encomendou estudos que permitissem corrigir os erros dos calend\u00e1rios passados buscando definir os ajustes de acordo com a P\u00e1scoa crist\u00e3, atrelada ao equin\u00f3cio de mar\u00e7o. Buscou tamb\u00e9m uma regra muito mais precisa para os anos bissextos. Entre 325 e 1582 passaram-se 1257 anos. Como no sistema juliano a cada 128 anos haveria a necessidade retirar 1 dia do calend\u00e1rio, acumularam-se, depois de 1257 anos, aproximadamente 10 dias (9,82 dias). Portanto, em 1582, na transi\u00e7\u00e3o entre os Calend\u00e1rios Juliano e Gregoriano, o dia 4 de outubro foi seguido pelo dia 15 de outubro. Os 10 dias entre eles foram retirados do calend\u00e1rio e n\u00e3o existem na sequ\u00eancia cronol\u00f3gica de contagem do tempo. Feitas as corre\u00e7\u00f5es de calend\u00e1rio definiu-se a nova regra para o c\u00e1lculo dos anos bissextos: De 4 em 4 anos \u00e9 ano bissexto. De 100 em 100 anos n\u00e3o \u00e9 ano bissexto. De 400 em 400 anos \u00e9 ano bissexto. Prevalecem as \u00faltimas regras sobre as primeiras. Para melhor entender \u00a0S\u00e3o bissextos\u00a0todos os anos m\u00faltiplos de 400, p.ex:\u00a01600, 2000, 2400, 2800 N\u00e3o s\u00e3o bissextos todos os m\u00faltiplos de 100 e n\u00e3o de 400, p.ex:\u00a01700, 1800, 1900, 2100, 2200, 2300, 2500\u2026 S\u00e3o bissextos todos os m\u00faltiplos de 4 e n\u00e3o m\u00faltiplos de 100, p.ex:\u00a01996, 2004, 2008, 2012, 2016\u2026 N\u00e3o s\u00e3o bissextos todos os demais anos. Essa regra aproxima o ano tr\u00f3pico pelo valor de 365,2425 dias. Em fun\u00e7\u00e3o da nossa longevidade m\u00e9dia, \u00e9 comum e compreens\u00edvel que nos lembremos apenas da primeira regra, a de quatro em quatro anos, embora a corre\u00e7\u00e3o dos anos bissextos seja mais complexa. Como curiosidade, o ano de 2000 foi o segundo ano em que a terceira regra foi aplicada. Contudo, como foi ano bissexto, o ano de 1900 foi a \u00faltima vez que a regra da divis\u00e3o por 100 foi aplicada at\u00e9 os dias atuais; a pr\u00f3xima ocorrer\u00e1 apenas em 2100. Uma Curiosidade Ai vem outra curiosidade,\u00a0as pessoas que nascem no ano bissexto fazem anivers\u00e1rio de quatro em quatro anos? H\u00e1 uma tend\u00eancia de se achar que as pessoas que nascem no dia 29 de fevereiro &#8220;s\u00f3 fazem anivers\u00e1rio a cada 4 anos&#8221;. Isso n\u00e3o \u00e9 verdade, pois assim como as demais pessoas o &#8220;primeiro anivers\u00e1rio&#8221; \u00e9 calculado adicionando-se 365 dias \u00e0 data de nascimento. Ou seja, um beb\u00ea que nasceu no dia 29 de fevereiro comemorou seu primeiro anivers\u00e1rio 365 dias depois que nasceu, ou seja, no dia 28 de fevereiro do ano seguinte. \u00c9 comum, no entanto, que os nascidos no dia 29 de fevereiro comemorem de modo especial o seu dia de nascimento a cada 4 anos, algumas pessoas at\u00e9 se acham especiais por causa disso. \u00c9 claro que h\u00e1 sempre as brincadeiras com a idade, contando de 4 em 4 anos, feita pelos amigos, parentes e pelo pr\u00f3prio aniversariante. \u00c9 pena que muitos pais de crian\u00e7as que nascem no dia 29 de fevereiro fiquem com receio sobre a data de anivers\u00e1rio dos seus filhos e consigam fazer o registro civil como se os filhos tivessem nascidos no dia 28 de fevereiro (ou 1 de mar\u00e7o). Quando ser\u00e1 o [&hellip;]<\/p>\n","protected":false},"author":1,"featured_media":0,"comment_status":"closed","ping_status":"open","sticky":false,"template":"","format":"standard","meta":{"footnotes":""},"categories":[3,569],"tags":[1675,1679,1681,1678,1680,1677,1682,1676,1683,572],"class_list":["post-20804","post","type-post","status-publish","format-standard","hentry","category-news","category-utilidade-publica","tag-ano-bissesto-ou-bi-sesto","tag-calendario-do-imperador-cesar-augusto","tag-calendario-do-papa-gregorio-xiii","tag-calendario-juliano","tag-cesar-augusto","tag-necessidade-de-um-ano-bissexto","tag-papa-gregorio-xiii","tag-por-que-bissexto","tag-proximo-ano-bissexto","tag-utilidade-publica"],"_links":{"self":[{"href":"https:\/\/dannybia.com\/dannys\/wp-json\/wp\/v2\/posts\/20804","targetHints":{"allow":["GET"]}}],"collection":[{"href":"https:\/\/dannybia.com\/dannys\/wp-json\/wp\/v2\/posts"}],"about":[{"href":"https:\/\/dannybia.com\/dannys\/wp-json\/wp\/v2\/types\/post"}],"author":[{"embeddable":true,"href":"https:\/\/dannybia.com\/dannys\/wp-json\/wp\/v2\/users\/1"}],"replies":[{"embeddable":true,"href":"https:\/\/dannybia.com\/dannys\/wp-json\/wp\/v2\/comments?post=20804"}],"version-history":[{"count":0,"href":"https:\/\/dannybia.com\/dannys\/wp-json\/wp\/v2\/posts\/20804\/revisions"}],"wp:attachment":[{"href":"https:\/\/dannybia.com\/dannys\/wp-json\/wp\/v2\/media?parent=20804"}],"wp:term":[{"taxonomy":"category","embeddable":true,"href":"https:\/\/dannybia.com\/dannys\/wp-json\/wp\/v2\/categories?post=20804"},{"taxonomy":"post_tag","embeddable":true,"href":"https:\/\/dannybia.com\/dannys\/wp-json\/wp\/v2\/tags?post=20804"}],"curies":[{"name":"wp","href":"https:\/\/api.w.org\/{rel}","templated":true}]}}