{"id":14761,"date":"2021-02-19T12:42:09","date_gmt":"2021-02-19T12:42:09","guid":{"rendered":"https:\/\/dannybia.com\/dannys\/?p=14761"},"modified":"2025-10-17T16:33:19","modified_gmt":"2025-10-17T19:33:19","slug":"conheca-o-amazonas-dados-gerais","status":"publish","type":"post","link":"https:\/\/dannybia.com\/dannys\/conheca-o-amazonas-dados-gerais\/","title":{"rendered":"Conhe\u00e7a o Amazonas &#8211; Dados Gerais"},"content":{"rendered":"<h1>Conhe\u00e7a o Amazonas &#8211; Dados Gerais<\/h1>\n<p><img loading=\"lazy\" decoding=\"async\" class=\"wp-image-hymn size-medium alignright\" title=\"Arara Azul\" src=\"https:\/\/dannybia.com\/dannys\/wp-content\/uploads\/2025\/10\/ecology.jpg\" alt=\"Arara Azul\" width=\"140\" height=\"112\" \/><\/p>\n<p align=\"justify\">Conhe\u00e7a o Amazonas e Proteja-o! Ele \u00e9 Nosso!<br \/>\nCapital: Manaus<br \/>\nPopula\u00e7\u00e3o: 2.840.889 habitantes<br \/>\n\u00c1rea Total: 1.577.820,2 km\u00b2<\/p>\n<h1>Micro-Regi\u00f5es: 13<\/h1>\n<p align=\"justify\">01 &#8211;\u00a0<a href=\"https:\/\/dannybia.com\/dannys\/alto-solimoes-amazonas\/\" rel=\"noopener\">Alto Solim\u00f5es<\/a><br \/>\n02 &#8211;\u00a0<a href=\"https:\/\/dannybia.com\/dannys\/boca-do-acre-amazonas\/\" rel=\"noopener\">Boca do Acre<\/a><br \/>\n03 &#8211;\u00a0<a href=\"https:\/\/dannybia.com\/dannys\/coari-amazonas\/\" rel=\"noopener\">Coari<\/a><br \/>\n04 &#8211;\u00a0<a href=\"https:\/\/dannybia.com\/dannys\/itacoatiara-amazonas\/\" rel=\"noopener\">Itacoatiara<\/a><br \/>\n05 &#8211;\u00a0<a href=\"https:\/\/dannybia.com\/dannys\/japura-amazonas\/\" rel=\"noopener\">Japur\u00e1<\/a><br \/>\n06 &#8211;\u00a0<a href=\"https:\/\/dannybia.com\/dannys\/jurua-amazonas\/\" rel=\"noopener\">Juru\u00e1<\/a><br \/>\n07 &#8211;\u00a0<a href=\"https:\/\/dannybia.com\/dannys\/madeira-amazonas\/\" rel=\"noopener\">Madeira<\/a><br \/>\n08 &#8211;\u00a0<strong><a href=\"https:\/\/dannybia.com\/dannys\/manaus-capital-do-amazonas\/\" rel=\"noopener\">Manaus<\/a><\/strong><br \/>\n09 &#8211;\u00a0<a href=\"https:\/\/dannybia.com\/dannys\/parintins-amazonas\/\" rel=\"noopener\">Parintins<\/a><br \/>\n10 &#8211;\u00a0<a href=\"https:\/\/dannybia.com\/dannys\/purus-amazonas\/\" rel=\"noopener\">Purus<\/a><br \/>\n11 &#8211;\u00a0<a href=\"https:\/\/dannybia.com\/dannys\/rio-negro-amazonas\/\" rel=\"noopener\">Rio Negro<\/a><br \/>\n12 &#8211;\u00a0<a href=\"https:\/\/dannybia.com\/dannys\/rio-preto-da-eva-amazonas\/\" rel=\"noopener\">Rio Preto da Eva<\/a><br \/>\n13 &#8211;\u00a0<a href=\"https:\/\/dannybia.com\/dannys\/tefe-amazonas\/\" rel=\"noopener\">Tef\u00e9<\/a><\/p>\n<div id=\"attachment_22676\" style=\"width: 360px\" class=\"wp-caption alignright\"><img loading=\"lazy\" decoding=\"async\" aria-describedby=\"caption-attachment-22676\" class=\"image-red wp-image-22676 size-full\" title=\"Estado do Amazonas\" src=\"https:\/\/dannybia.com\/dannys\/wp-content\/uploads\/2021\/02\/estado-amazonas.gif\" alt=\"Estado do Amazonas\" width=\"350\" height=\"282\" \/><p id=\"caption-attachment-22676\" class=\"wp-caption-text\">Estado do Amazonas<\/p><\/div>\n<h1>Total de Cidades: 62<\/h1>\n<p align=\"justify\">01 &#8211; Amatur\u00e1, Atalaia do Norte, Benjamin Constant, Fonte Boa, Juta\u00ed, Santo Ant\u00f4nio do I\u00e7\u00e1, S\u00e3o Paulo de Oliven\u00e7a, Tabatinga, Tonantins<br \/>\n02 &#8211; Boca do Acre, Pauini<br \/>\n03 &#8211; Coari, Anam\u00e3, Anori, Beruri, Caapiranga, Codaj\u00e1s<br \/>\n04 &#8211;\u00a0<strong>Itacoatiara<\/strong>, Itapiranga, Nova Olinda do Norte, Silves, Urucurituba<br \/>\n05 &#8211; Japur\u00e1, Mara\u00e3<br \/>\n06 &#8211; Juru\u00e1, Carauari, Eirunep\u00e9, Envira, Guajar\u00e1, Ipixuna, Itamarati<br \/>\n07 &#8211; Apu\u00ed, Borba,\u00a0<strong>Humait\u00e1<\/strong>, Manicor\u00e9, Novo Aripuan\u00e3<br \/>\n08 &#8211;\u00a0<strong>Manaus<\/strong>, Autazes, Careiro Castanho, Careiro da V\u00e1rzea, Iranduba,\u00a0<strong>Manacapuru<\/strong>, Manaquiri<br \/>\n09 &#8211;\u00a0<strong>Parintins<\/strong>, Barreirinha, Boa Vista do Ramos,\u00a0<strong>Mau\u00e9s<\/strong>, Nhamund\u00e1, S\u00e3o Sebasti\u00e3o do Uatum\u00e3, Urucar\u00e1<br \/>\n10 &#8211; Canutama, L\u00e1brea, Tapau\u00e1<br \/>\n11 &#8211; Barcelos, Novo Air\u00e3o, Santa Isabel do Rio Negro, S\u00e3o Gabriel da Cachoeira<br \/>\n12 &#8211; Rio Preto da Eva,\u00a0<strong>Presidente Figueiredo<\/strong><br \/>\n13 &#8211; Tef\u00e9, Alvar\u00e3es, Uarini<\/p>\n<div class='grid-row clearfix'><div class='grid-col grid-col-12'><section class='cws-widget'><section class='cws_widget_content'> \t<div class=\"testimonial \">\n\t\t<div class='clearfix'>\n\t\t\t<img src='https:\/\/dannybia.com\/dannys\/wp-content\/uploads\/bfi_thumb\/Jesus-130-93-3cmh6ny6pugic3cykq7hts.jpg' alt \/>\t\t\t\t<p>\n<p align=\"justify\">Ent\u00e3o a terra se abalou e tremeu, e os fundamentos dos montes tamb\u00e9m se moveram e se abalaram, porquanto ele se indignou.<\/p>\n<\/p>\t\t<\/div>\n\t\t<div class=\"author\">Salmos 18:7<\/div>\t<\/div>\n\t <\/section><\/section><\/div><\/div>\n","protected":false},"excerpt":{"rendered":"<p>Conhe\u00e7a o Amazonas &#8211; Dados Gerais Conhe\u00e7a o Amazonas e Proteja-o! Ele \u00e9 Nosso! Capital: Manaus Popula\u00e7\u00e3o: 2.840.889 habitantes \u00c1rea Total: 1.577.820,2 km\u00b2 Micro-Regi\u00f5es: 13 01 &#8211;\u00a0Alto Solim\u00f5es 02 &#8211;\u00a0Boca do Acre 03 &#8211;\u00a0Coari 04 &#8211;\u00a0Itacoatiara 05 &#8211;\u00a0Japur\u00e1 06 &#8211;\u00a0Juru\u00e1 07 &#8211;\u00a0Madeira 08 &#8211;\u00a0Manaus 09 &#8211;\u00a0Parintins 10 &#8211;\u00a0Purus 11 &#8211;\u00a0Rio Negro 12 &#8211;\u00a0Rio Preto da Eva 13 &#8211;\u00a0Tef\u00e9 Total de Cidades: 62 01 &#8211; Amatur\u00e1, Atalaia do Norte, Benjamin Constant, Fonte Boa, Juta\u00ed, Santo Ant\u00f4nio do I\u00e7\u00e1, S\u00e3o Paulo de Oliven\u00e7a, Tabatinga, Tonantins 02 &#8211; Boca do Acre, Pauini 03 &#8211; Coari, Anam\u00e3, Anori, Beruri, Caapiranga, Codaj\u00e1s 04 &#8211;\u00a0Itacoatiara, Itapiranga, Nova Olinda do Norte, Silves, Urucurituba 05 &#8211; Japur\u00e1, Mara\u00e3 06 &#8211; Juru\u00e1, Carauari, Eirunep\u00e9, Envira, Guajar\u00e1, Ipixuna, Itamarati 07 &#8211; Apu\u00ed, Borba,\u00a0Humait\u00e1, Manicor\u00e9, Novo Aripuan\u00e3 08 &#8211;\u00a0Manaus, Autazes, Careiro Castanho, Careiro da V\u00e1rzea, Iranduba,\u00a0Manacapuru, Manaquiri 09 &#8211;\u00a0Parintins, Barreirinha, Boa Vista do Ramos,\u00a0Mau\u00e9s, Nhamund\u00e1, S\u00e3o Sebasti\u00e3o do Uatum\u00e3, Urucar\u00e1 10 &#8211; Canutama, L\u00e1brea, Tapau\u00e1 11 &#8211; Barcelos, Novo Air\u00e3o, Santa Isabel do Rio Negro, S\u00e3o Gabriel da Cachoeira 12 &#8211; Rio Preto da Eva,\u00a0Presidente Figueiredo 13 &#8211; Tef\u00e9, Alvar\u00e3es, Uarini<\/p>\n","protected":false},"author":1,"featured_media":0,"comment_status":"closed","ping_status":"open","sticky":false,"template":"","format":"gallery","meta":{"footnotes":""},"categories":[3,569],"tags":[604,605,606,602,603,617,607,608,609,610,619,611,618,612,620,613,614,615,616,572],"class_list":["post-14761","post","type-post","status-publish","format-gallery","hentry","category-news","category-utilidade-publica","tag-alto-solimoes","tag-boca-do-acre","tag-coari","tag-conheca-o-amazonas","tag-dados-gerais-amazonas","tag-humaita","tag-itacoatiara","tag-japura","tag-jurua","tag-madeira","tag-manacapuru","tag-manaus","tag-maues","tag-parintins","tag-presidente-figueiredo","tag-purus","tag-rio-negro","tag-rio-preto-da-eva","tag-tefe","tag-utilidade-publica","post_format-post-format-gallery"],"_links":{"self":[{"href":"https:\/\/dannybia.com\/dannys\/wp-json\/wp\/v2\/posts\/14761","targetHints":{"allow":["GET"]}}],"collection":[{"href":"https:\/\/dannybia.com\/dannys\/wp-json\/wp\/v2\/posts"}],"about":[{"href":"https:\/\/dannybia.com\/dannys\/wp-json\/wp\/v2\/types\/post"}],"author":[{"embeddable":true,"href":"https:\/\/dannybia.com\/dannys\/wp-json\/wp\/v2\/users\/1"}],"replies":[{"embeddable":true,"href":"https:\/\/dannybia.com\/dannys\/wp-json\/wp\/v2\/comments?post=14761"}],"version-history":[{"count":0,"href":"https:\/\/dannybia.com\/dannys\/wp-json\/wp\/v2\/posts\/14761\/revisions"}],"wp:attachment":[{"href":"https:\/\/dannybia.com\/dannys\/wp-json\/wp\/v2\/media?parent=14761"}],"wp:term":[{"taxonomy":"category","embeddable":true,"href":"https:\/\/dannybia.com\/dannys\/wp-json\/wp\/v2\/categories?post=14761"},{"taxonomy":"post_tag","embeddable":true,"href":"https:\/\/dannybia.com\/dannys\/wp-json\/wp\/v2\/tags?post=14761"}],"curies":[{"name":"wp","href":"https:\/\/api.w.org\/{rel}","templated":true}]}}