{"id":33700,"date":"2022-10-01T09:11:19","date_gmt":"2022-10-01T12:11:19","guid":{"rendered":"https:\/\/dannybia.com\/blog\/?p=33700"},"modified":"2026-03-16T19:55:15","modified_gmt":"2026-03-16T22:55:15","slug":"ceu-alaranjado-no-crepusculo-e-no-ocaso","status":"publish","type":"post","link":"https:\/\/dannybia.com\/blog\/ceu-alaranjado-no-crepusculo-e-no-ocaso\/","title":{"rendered":"C\u00e9u Alaranjado no Crep\u00fasculo e no Ocaso?"},"content":{"rendered":"<h1>Quer entender como acontece esse efeito cor de laranja?<\/h1>\n<p><strong>O sol pode ficar vermelho<\/strong> sobre o mar e com um c\u00e9u avermelhado tingido de tons laranja e cor-de-rosa ou mesmo roxo.<br \/>\nEsse \u00e9 um fen\u00f4meno muito espetacular \u00e9 bem conhecido, mas se voc\u00ea nunca ouviu falar e nunca viu. voc\u00ea sabe por que acontece isso?<\/p>\n<p>Colora\u00e7\u00e3o no c\u00e9u no por do sol (ocaso) e tamb\u00e9m no amanhecer (crep\u00fasculo) aqui em Mongagu\u00e1 tem sido surpreendente e espetacular; E por mais que ache lindo, esplendoroso e at\u00e9 mesmo po\u00e9tico e deixa a gente sem palavras, mas tem explica\u00e7\u00e3o pela ci\u00eancia.<\/p>\n<div id=\"attachment_33701\" style=\"width: 1510px\" class=\"wp-caption alignnone\"><a href=\"https:\/\/www.youtube.com\/shorts\/LyMoRp0-DbM\" target=\"_blank\" rel=\"noopener\"><img loading=\"lazy\" decoding=\"async\" aria-describedby=\"caption-attachment-33701\" class=\"wp-image-33701 size-full\" title=\"Imagem: by Dannybia - tirada em Mongagu\u00e1 em 01\/02\/2022\" src=\"https:\/\/dannybia.com\/blog\/wp-content\/uploads\/2025\/10\/sol-alaranjado-e-vermelho-dannybia.jpg\" alt=\"Imagem: by Dannybia - tirada em Mongagu\u00e1 em 01\/02\/2022\" width=\"1500\" height=\"844\" srcset=\"https:\/\/dannybia.com\/blog\/wp-content\/uploads\/2025\/10\/sol-alaranjado-e-vermelho-dannybia.jpg 1500w, https:\/\/dannybia.com\/blog\/wp-content\/uploads\/2025\/10\/sol-alaranjado-e-vermelho-dannybia-768x432.jpg 768w, https:\/\/dannybia.com\/blog\/wp-content\/uploads\/2025\/10\/sol-alaranjado-e-vermelho-dannybia-100x56.jpg 100w, https:\/\/dannybia.com\/blog\/wp-content\/uploads\/2025\/10\/sol-alaranjado-e-vermelho-dannybia-230x129.jpg 230w\" sizes=\"auto, (max-width: 1500px) 100vw, 1500px\" \/><\/a><p id=\"caption-attachment-33701\" class=\"wp-caption-text\">Imagem: by Dannybia &#8211; tirada em Mongagu\u00e1 em 01\/02\/2022<\/p><\/div>\n<p>Nesta \u00e9poca do ano <strong>(ver\u00e3o)<\/strong> \u00e9 normal acontecer este tipo de fen\u00f4meno, com o <strong>sol mais alaranjado<\/strong> tanto no amanhecer, quanto no final da tarde quando o Sol est\u00e1 pr\u00f3ximo do horizonte.<br \/>\nPois a refra\u00e7\u00e3o dos raios solares percorrem um caminho maior na atmosfera e interage mais com as part\u00edculas, ou seja, com os n\u00facleos de granizo presente nas nuvens frias.<\/p>\n<p>E uma parte destes raios luminosos se dispersa nas part\u00edculas que se encontram na atmosfera e assim temos a condi\u00e7\u00e3o de espalhamento da luz do sol.<br \/>\nO vermelho, por ter maior comprimento de onda, sofre menos dispers\u00e3o e tendem ao vermelho e ao laranja e algumas vezes at\u00e9 em tons de rosa devido \u00e0 aus\u00eancia do azul.<\/p>\n<p>Uma curiosidade n\u00e3o muito animadora: Quanto mais part\u00edculas em suspens\u00e3o (poeira, poluentes de carros, queimadas de florestas e de ind\u00fastrias), mais colorido fica o c\u00e9u.<\/p>\n<div class=\"su-youtube su-u-responsive-media-yes\"><iframe loading=\"lazy\" width=\"1000\" height=\"400\" src=\"https:\/\/www.youtube.com\/embed\/s89aAahcQC0?\" frameborder=\"0\" allowfullscreen allow=\"autoplay; encrypted-media; picture-in-picture\" title=\"\"><\/iframe><\/div>\n<hr \/>\n<h2>Por que o C\u00e9u \u00e9 Azul?<\/h2>\n<p>A cor azulada do c\u00e9u se deve ao fen\u00f4meno \u00f3ptico chamado dispers\u00e3o, e a cor branca da luz solar. O branco resulta da soma das sete cores do arco-\u00edris (o violeta, o azul, o anil, o verde, o amarelo, o laranja e o vermelho).<br \/>\nQuando os raios solares atravessam a atmosfera terrestre, uma parte destes raios luminosos se dispersa (se espalha em todas dire\u00e7\u00f5es) nas part\u00edculas que se encontram na atmosfera (Nitrog\u00eanio, Oxig\u00eanio, Di\u00f3xido de Carbono entre outros).<br \/>\nIsso faz chegar aos nossos olhos as cores que conhecemos quando olhamos para o c\u00e9u. O Azul, mais frequentemente.<\/p>\n<div class='grid-row clearfix'><div class='grid-col grid-col-12'><section class='cws-widget'><section class='cws_widget_content'> \t<div class=\"testimonial \">\n\t\t<div class='clearfix'>\n\t\t\t<img src='https:\/\/dannybia.com\/blog\/wp-content\/uploads\/bfi_thumb\/Jesus-130-93-3cmh6ny6pugic3cykq7hts.jpg' alt \/>\t\t\t\t<p>\n<p align=\"justify\">Deus, pois, fez os dois grandes luminares: o luminar maior para governar o dia, e o luminar menor para governar a noite; fez tamb\u00e9m as estrelas.<\/p>\n<\/p>\t\t<\/div>\n\t\t<div class=\"author\">G\u00eanesis 1:16<\/div>\t<\/div>\n\t <\/section><\/section><\/div><\/div>\n","protected":false},"excerpt":{"rendered":"<p>Quer entender como acontece esse efeito cor de laranja? O sol pode ficar vermelho sobre o mar e com um c\u00e9u avermelhado tingido de tons laranja e cor-de-rosa ou mesmo roxo. Esse \u00e9 um fen\u00f4meno muito espetacular \u00e9 bem conhecido, mas se voc\u00ea nunca ouviu falar e nunca viu. voc\u00ea sabe por que acontece isso? Colora\u00e7\u00e3o no c\u00e9u no por do sol (ocaso) e tamb\u00e9m no amanhecer (crep\u00fasculo) aqui em Mongagu\u00e1 tem sido surpreendente e espetacular; E por mais que ache lindo, esplendoroso e at\u00e9 mesmo po\u00e9tico e deixa a gente sem palavras, mas tem explica\u00e7\u00e3o pela ci\u00eancia. Nesta \u00e9poca do ano (ver\u00e3o) \u00e9 normal acontecer este tipo de fen\u00f4meno, com o sol mais alaranjado tanto no amanhecer, quanto no final da tarde quando o Sol est\u00e1 pr\u00f3ximo do horizonte. Pois a refra\u00e7\u00e3o dos raios solares percorrem um caminho maior na atmosfera e interage mais com as part\u00edculas, ou seja, com os n\u00facleos de granizo presente nas nuvens frias. E uma parte destes raios luminosos se dispersa nas part\u00edculas que se encontram na atmosfera e assim temos a condi\u00e7\u00e3o de espalhamento da luz do sol. O vermelho, por ter maior comprimento de onda, sofre menos dispers\u00e3o e tendem ao vermelho e ao laranja e algumas vezes at\u00e9 em tons de rosa devido \u00e0 aus\u00eancia do azul. Uma curiosidade n\u00e3o muito animadora: Quanto mais part\u00edculas em suspens\u00e3o (poeira, poluentes de carros, queimadas de florestas e de ind\u00fastrias), mais colorido fica o c\u00e9u. Por que o C\u00e9u \u00e9 Azul? A cor azulada do c\u00e9u se deve ao fen\u00f4meno \u00f3ptico chamado dispers\u00e3o, e a cor branca da luz solar. O branco resulta da soma das sete cores do arco-\u00edris (o violeta, o azul, o anil, o verde, o amarelo, o laranja e o vermelho). Quando os raios solares atravessam a atmosfera terrestre, uma parte destes raios luminosos se dispersa (se espalha em todas dire\u00e7\u00f5es) nas part\u00edculas que se encontram na atmosfera (Nitrog\u00eanio, Oxig\u00eanio, Di\u00f3xido de Carbono entre outros). Isso faz chegar aos nossos olhos as cores que conhecemos quando olhamos para o c\u00e9u. O Azul, mais frequentemente.<\/p>\n","protected":false},"author":3,"featured_media":0,"comment_status":"closed","ping_status":"open","sticky":false,"template":"","format":"standard","meta":{"footnotes":""},"categories":[5457,5586,569,5876],"tags":[10425,10426,10427,10428,10429,10430,10431,10432,10433,10434,10435,10436,10437,10438,10439,10440,10441,10442,10443,10444,10445,10446,10447],"class_list":["post-33700","post","type-post","status-publish","format-standard","hentry","category-tecnologia-e-computacao","category-tutoriais","category-utilidade-publica","category-videos","tag-alaranjado","tag-anoitecer","tag-avermelhado","tag-ceu-alaranjado","tag-ceu-azul","tag-ceu-laranja","tag-ceu-lilas","tag-ceu-roxo","tag-ceu-vermelho","tag-ciencia","tag-cientifico","tag-cor-laranja","tag-crepusculo","tag-entardecer","tag-espetacular","tag-fenomeno","tag-lindo","tag-ocaso","tag-oeste","tag-poente","tag-por-do-sol","tag-roxo","tag-vermelho"],"_links":{"self":[{"href":"https:\/\/dannybia.com\/blog\/wp-json\/wp\/v2\/posts\/33700","targetHints":{"allow":["GET"]}}],"collection":[{"href":"https:\/\/dannybia.com\/blog\/wp-json\/wp\/v2\/posts"}],"about":[{"href":"https:\/\/dannybia.com\/blog\/wp-json\/wp\/v2\/types\/post"}],"author":[{"embeddable":true,"href":"https:\/\/dannybia.com\/blog\/wp-json\/wp\/v2\/users\/3"}],"replies":[{"embeddable":true,"href":"https:\/\/dannybia.com\/blog\/wp-json\/wp\/v2\/comments?post=33700"}],"version-history":[{"count":0,"href":"https:\/\/dannybia.com\/blog\/wp-json\/wp\/v2\/posts\/33700\/revisions"}],"wp:attachment":[{"href":"https:\/\/dannybia.com\/blog\/wp-json\/wp\/v2\/media?parent=33700"}],"wp:term":[{"taxonomy":"category","embeddable":true,"href":"https:\/\/dannybia.com\/blog\/wp-json\/wp\/v2\/categories?post=33700"},{"taxonomy":"post_tag","embeddable":true,"href":"https:\/\/dannybia.com\/blog\/wp-json\/wp\/v2\/tags?post=33700"}],"curies":[{"name":"wp","href":"https:\/\/api.w.org\/{rel}","templated":true}]}}